{"id":77,"date":"2014-03-02T20:09:19","date_gmt":"2014-03-02T19:09:19","guid":{"rendered":"http:\/\/listelibrebriis.org\/wordpress\/?p=77"},"modified":"2014-08-22T20:48:03","modified_gmt":"2014-08-22T19:48:03","slug":"parents-de-3eme-signez-la-petition-du-lycee-de-limours","status":"publish","type":"post","link":"https:\/\/listelibrebriis.org\/wordpress\/?p=77","title":{"rendered":"Parents de 3\u00e8me : signez la p\u00e9tition du Lyc\u00e9e de Limours"},"content":{"rendered":"<p>Parents d&rsquo;\u00e9l\u00e8ves de troisi\u00e8me, nous vous invitons \u00e0 lire le message suivant, en provenance du lyc\u00e9e de Limours, car il concerne la scolarit\u00e9 de votre enfants l&rsquo;ann\u00e9e prochaine. <span style=\"color: #333333;\"><span style=\"color: #333333;\"><span style=\"color: #000000;\">La dotation en heures d&rsquo;enseignants, DGH (Dotation Globale Horaire) au Lyc\u00e9e de Limours est vraiment en baisse cette ann\u00e9e. Ce qui risque d&rsquo;entrainer une augmentation de l&rsquo;effectif par classe (les \u00e9l\u00e8ves sont d\u00e9j\u00e0 entre 33 et 35), un risque d&rsquo;heures non pourvues en latin, italien, en anglais europ\u00e9en&#8230; <\/span><br clear=\"none\" \/><span style=\"color: #000000;\">Les professaurs, les 2 f\u00e9d\u00e9rations de parents d&rsquo;\u00e9l\u00e8ves, les \u00e9l\u00e8ves d\u00e9l\u00e9gu\u00e9s ont boycott\u00e9 le 1er Conseil d&rsquo;Administration. Lors du 2\u00e8me CA, ils ont vot\u00e9 contre mais malheureusement la DHG est quand m\u00eame pass\u00e9e.<\/span><br clear=\"none\" \/><span style=\"color: #000000;\">La FCPE et l&rsquo;API, en concertation avec les professeurs, ont d\u00e9cid\u00e9 de mettre en ligne une p\u00e9tition. Voici le message qu&rsquo;il transmettent:<\/span><br \/>\n<\/span><\/span><\/p>\n<div>\n<p>Chers parents,<\/p>\n<p>Chaque ann\u00e9e l&rsquo;Inspection Acad\u00e9mique attribue au lyc\u00e9e un certain nombre d&rsquo;heures (bas\u00e9 sur le nombre d&rsquo;\u00e9l\u00e8ves et le nombre d&rsquo;heures d&rsquo;enseignement dans chaque mati\u00e8re &#8211; H\/E) \u00e0 r\u00e9partir selon les diff\u00e9rentes mati\u00e8res. En pr\u00e9paration de la rentr\u00e9e suivante, le proviseur pr\u00e9sente cette r\u00e9partition au conseil d&rsquo;administration. Cette ann\u00e9e encore ce nombre d&rsquo;heures est en baisse. Il faut que la direction acad\u00e9mique reconsid\u00e8re d&rsquo;urgence cette dotation et nous attribue d\u00e8s maintenant un H\/E au moins \u00e9quivalent \u00e0 celui de l\u2019ann\u00e9e 2113\/2014.<\/p>\n<p>Nous sommes <strong>tr\u00e8s inquiets<\/strong><br \/>\nquant \u00e0 la baisse de la Dotation Horaire Globale attribu\u00e9e au lyc\u00e9e Jules Verne de Limours pour la prochaine ann\u00e9e scolaire. Cette nouvelle baisse met le fonctionnement de notre lyc\u00e9e en p\u00e9ril. <em>Solidairement avec les repr\u00e9sentants \u00e9lus du coll\u00e8ge enseignant ainsi que des \u00e9l\u00e8ves, nous n&rsquo;avons pas si\u00e9g\u00e9 lors du conseil d&rsquo;administration du 6 f\u00e9vrier 2014 charg\u00e9 d&rsquo;examiner la r\u00e9partition de la dotation globale horaire pour la rentr\u00e9e 2014.<\/em> Celle-ci en effet ne nous semble pas de nature \u00e0 permettre \u00e0 l\u2019\u00e9quipe p\u00e9dagogique de poursuivre les projets entrepris pour la r\u00e9ussite de nos enfants ainsi que pour la promotion d&rsquo;un \u00e9tablissement pr\u00e9cieux dans notre r\u00e9gion semi-rurale mais fragilis\u00e9 par sa petite<br \/>\ntaille.<i><br \/>\n<em>Nous consid\u00e9rons que la dotation propos\u00e9e est<\/em><\/i> <strong><i>insuffisante<\/i><\/strong> <em>et<\/em> <strong><i>ne peut donc pas \u00eatre r\u00e9partie<\/i><\/strong> <em>de mani\u00e8re \u00e0 assurer et maintenir la qualit\u00e9 d&rsquo;enseignement due \u00e0 nos enfants,<\/em> <strong><i>Une augmentation de cette<\/i><\/strong><b><i><br \/>\n<strong>dotation est indispensable<\/strong><\/i><\/b><em>, et son partage en heures\/poste et en heures suppl\u00e9mentaires annualis\u00e9es doit permettre aux enseignants de continuer \u00e0 assurer un accompagnement des \u00e9l\u00e8ves de qualit\u00e9. Une petite structure comme celle de notre lyc\u00e9e ne permet pas les ajustements internes qui se rel\u00e8veraient n\u00e9cessaires pour le bon d\u00e9roulement des activit\u00e9s propos\u00e9es.<\/em><\/p>\n<p>Une lettre a d&rsquo;ores et d\u00e9j\u00e0 \u00e9t\u00e9 adress\u00e9e au directeur acad\u00e9mique \u00e0 cet effet.<\/p>\n<p>Afin que notre demande soit prise en consid\u00e9ration \u00e0 la hauteur de son importance pour notre lyc\u00e9e, <strong>n<\/strong>ous vous invitons \u00e0 signer et faire signer la p\u00e9tition en ligne : <a href=\"http:\/\/www.mesopinions.com\/petition\/politique\/dotation-horaire-2013-2014\/11441\">http:\/\/www.mesopinions.com\/petition\/politique\/dotation-horaire-2013-2014\/11441<\/a><\/p>\n<p>Merci d&rsquo;avance,Les associations de parents d&rsquo;\u00e9l\u00e8ves<\/p>\n<p>Louise Buellet &#8211; API<\/p>\n<p>Donatella Pavolini &#8211; FCPE<\/p>\n<\/div>\n<p>&nbsp;<\/p>\n","protected":false},"excerpt":{"rendered":"<p>Parents d&rsquo;\u00e9l\u00e8ves de troisi\u00e8me, nous vous invitons \u00e0 lire le message suivant, en provenance du lyc\u00e9e de Limours, car il concerne la scolarit\u00e9 de votre enfants l&rsquo;ann\u00e9e prochaine. La dotation en heures d&rsquo;enseignants, DGH (Dotation Globale Horaire) au Lyc\u00e9e de &hellip; <a href=\"https:\/\/listelibrebriis.org\/wordpress\/?p=77\">Continuer la lecture <span class=\"meta-nav\">&rarr;<\/span><\/a><\/p>\n","protected":false},"author":1,"featured_media":0,"comment_status":"open","ping_status":"open","sticky":false,"template":"","format":"standard","meta":{"footnotes":""},"categories":[1],"tags":[],"class_list":["post-77","post","type-post","status-publish","format-standard","hentry","category-non-classe"],"_links":{"self":[{"href":"https:\/\/listelibrebriis.org\/wordpress\/index.php?rest_route=\/wp\/v2\/posts\/77","targetHints":{"allow":["GET"]}}],"collection":[{"href":"https:\/\/listelibrebriis.org\/wordpress\/index.php?rest_route=\/wp\/v2\/posts"}],"about":[{"href":"https:\/\/listelibrebriis.org\/wordpress\/index.php?rest_route=\/wp\/v2\/types\/post"}],"author":[{"embeddable":true,"href":"https:\/\/listelibrebriis.org\/wordpress\/index.php?rest_route=\/wp\/v2\/users\/1"}],"replies":[{"embeddable":true,"href":"https:\/\/listelibrebriis.org\/wordpress\/index.php?rest_route=%2Fwp%2Fv2%2Fcomments&post=77"}],"version-history":[{"count":2,"href":"https:\/\/listelibrebriis.org\/wordpress\/index.php?rest_route=\/wp\/v2\/posts\/77\/revisions"}],"predecessor-version":[{"id":79,"href":"https:\/\/listelibrebriis.org\/wordpress\/index.php?rest_route=\/wp\/v2\/posts\/77\/revisions\/79"}],"wp:attachment":[{"href":"https:\/\/listelibrebriis.org\/wordpress\/index.php?rest_route=%2Fwp%2Fv2%2Fmedia&parent=77"}],"wp:term":[{"taxonomy":"category","embeddable":true,"href":"https:\/\/listelibrebriis.org\/wordpress\/index.php?rest_route=%2Fwp%2Fv2%2Fcategories&post=77"},{"taxonomy":"post_tag","embeddable":true,"href":"https:\/\/listelibrebriis.org\/wordpress\/index.php?rest_route=%2Fwp%2Fv2%2Ftags&post=77"}],"curies":[{"name":"wp","href":"https:\/\/api.w.org\/{rel}","templated":true}]}}