{"id":266,"date":"2022-08-30T18:52:13","date_gmt":"2022-08-30T17:52:13","guid":{"rendered":"http:\/\/listelibrebriis.org\/wordpress\/?p=266"},"modified":"2022-08-30T18:52:13","modified_gmt":"2022-08-30T17:52:13","slug":"rentree-2022-2023","status":"publish","type":"post","link":"https:\/\/listelibrebriis.org\/wordpress\/?p=266","title":{"rendered":"Rentr\u00e9e 2022\/2023"},"content":{"rendered":"\n<p>Bonjour \u00e0 tous,<\/p>\n\n\n\n<p><\/p>\n\n\n\n<p>La rentr\u00e9e scolaire arrive \u00e0 grand pas pour nos coll\u00e9giens.<\/p>\n\n\n\n<p>La nouveaut\u00e9 de cette ann\u00e9e est que les \u00e9l\u00e8ves de <strong>sixi\u00e8me<\/strong> seront accueillis toute la journ\u00e9e du jeudi 1er septembre. Ils sont attendus dans la cour \u00e0 <strong>8h40<\/strong> et seront lib\u00e9r\u00e9s \u00e0 <strong>16h15<\/strong>. Les parents ayant r\u00e9serv\u00e9s le repas pour manger \u00e0 la cantine avec leur enfant pourront retourner au coll\u00e8ge \u00e0 12h30.<\/p>\n\n\n\n<p>La rentr\u00e9e des autres classes se fera le vendredi 2 septembre avec un accueil de <strong>8h40 \u00e0 11h35<\/strong> pour les \u00e9l\u00e8ves de <strong>5\u00e8me<\/strong>, un accueil de <strong>9h35 \u00e0 12h40<\/strong> pour les \u00e9l\u00e8ves de <strong>4\u00e8me <\/strong>et un accueil de <strong>13h15 \u00e0 16h15<\/strong> pour les \u00e9l\u00e8ves de <strong>3\u00e8me<\/strong>.<\/p>\n\n\n\n<p><\/p>\n\n\n\n<p>Les r\u00e9unions de rentr\u00e9e auront lieu tr\u00e8s rapidement puisqu&rsquo;elles se d\u00e9rouleront d\u00e8s vendredi soir (2 septembre) \u00e0 18h pour les quatri\u00e8mes et \u00e0 18h30 pour les troisi\u00e8mes.<\/p>\n\n\n\n<p>La r\u00e9union des sixi\u00e8mes aura lieu lundi soir (5 septembre) \u00e0 18h et celle des cinqui\u00e8mes le m\u00eame jour \u00e0 18h30.<\/p>\n\n\n\n<p><\/p>\n\n\n\n<p>Je vous souhaite \u00e0 tous une tr\u00e8s bonne rentr\u00e9e 2022!<\/p>\n\n\n\n<p>Emeline Corus (secr\u00e9taire de la Liste Libre)<\/p>\n","protected":false},"excerpt":{"rendered":"<p>Bonjour \u00e0 tous, La rentr\u00e9e scolaire arrive \u00e0 grand pas pour nos coll\u00e9giens. La nouveaut\u00e9 de cette ann\u00e9e est que les \u00e9l\u00e8ves de sixi\u00e8me seront accueillis toute la journ\u00e9e du jeudi 1er septembre. Ils sont attendus dans la cour \u00e0 &hellip; <a href=\"https:\/\/listelibrebriis.org\/wordpress\/?p=266\">Continuer la lecture <span class=\"meta-nav\">&rarr;<\/span><\/a><\/p>\n","protected":false},"author":2,"featured_media":0,"comment_status":"open","ping_status":"open","sticky":false,"template":"","format":"standard","meta":{"footnotes":""},"categories":[1],"tags":[9],"class_list":["post-266","post","type-post","status-publish","format-standard","hentry","category-non-classe","tag-rentree-2022"],"_links":{"self":[{"href":"https:\/\/listelibrebriis.org\/wordpress\/index.php?rest_route=\/wp\/v2\/posts\/266","targetHints":{"allow":["GET"]}}],"collection":[{"href":"https:\/\/listelibrebriis.org\/wordpress\/index.php?rest_route=\/wp\/v2\/posts"}],"about":[{"href":"https:\/\/listelibrebriis.org\/wordpress\/index.php?rest_route=\/wp\/v2\/types\/post"}],"author":[{"embeddable":true,"href":"https:\/\/listelibrebriis.org\/wordpress\/index.php?rest_route=\/wp\/v2\/users\/2"}],"replies":[{"embeddable":true,"href":"https:\/\/listelibrebriis.org\/wordpress\/index.php?rest_route=%2Fwp%2Fv2%2Fcomments&post=266"}],"version-history":[{"count":3,"href":"https:\/\/listelibrebriis.org\/wordpress\/index.php?rest_route=\/wp\/v2\/posts\/266\/revisions"}],"predecessor-version":[{"id":269,"href":"https:\/\/listelibrebriis.org\/wordpress\/index.php?rest_route=\/wp\/v2\/posts\/266\/revisions\/269"}],"wp:attachment":[{"href":"https:\/\/listelibrebriis.org\/wordpress\/index.php?rest_route=%2Fwp%2Fv2%2Fmedia&parent=266"}],"wp:term":[{"taxonomy":"category","embeddable":true,"href":"https:\/\/listelibrebriis.org\/wordpress\/index.php?rest_route=%2Fwp%2Fv2%2Fcategories&post=266"},{"taxonomy":"post_tag","embeddable":true,"href":"https:\/\/listelibrebriis.org\/wordpress\/index.php?rest_route=%2Fwp%2Fv2%2Ftags&post=266"}],"curies":[{"name":"wp","href":"https:\/\/api.w.org\/{rel}","templated":true}]}}