{"id":178,"date":"2015-12-08T21:56:46","date_gmt":"2015-12-08T20:56:46","guid":{"rendered":"http:\/\/listelibrebriis.org\/wordpress\/?p=178"},"modified":"2015-12-08T21:56:46","modified_gmt":"2015-12-08T20:56:46","slug":"echange-avec-un-allemand","status":"publish","type":"post","link":"https:\/\/listelibrebriis.org\/wordpress\/?p=178","title":{"rendered":"Echange avec un allemand"},"content":{"rendered":"<p>Nous avons \u00e9t\u00e9 contact\u00e9s par l&rsquo;association \u00ab\u00a0Amiti\u00e9 Minfeld Limours\u00a0\u00bb qui, dans le cadre du jumelage Limours-Minfeld, va envoyer des jeunes fran\u00e7ais en Allemagne \u00e0 P\u00e2ques : voici l&rsquo;annonce:<\/p>\n<p>Limours est jumel\u00e9e depuis plusieurs d\u00e9cennies avec Minfeld , une petite ville du Palatinat .<\/p>\n<p>Notre association, Amiti\u00e9 Minfeld Limours, r\u00e9alise des \u00e9changes, en alternance, entre jeunes fran\u00e7ais et jeunes allemands dans la tranche d\u2019 \u00e2ge 12<sup>\u00e8me<\/sup> \u00e0 18<sup>\u00e8me<\/sup> ann\u00e9e. Nous \u00a0envoyons cette ann\u00e9e 15 jeunes fran\u00e7ais pendant LEURS vacances de P\u00e2ques \u00e0 savoir du samedi 16 au samedi 23 avril 2016.<\/p>\n<p>Nous recherchons 2 coll\u00e9giens qui d\u00e9sireraient participer au voyage\u00a0.\u00a0 Par le pass\u00e9 votre \u00e9tablissement nous a mis en relation avec\u00a0 des parents qui cherchaient\u00a0 cette occasion pour une ouverture vers cette langue: il pourrait en \u00eatre de m\u00eame cette ann\u00e9e.<\/p>\n<p>L\u2019 association coordonne les activit\u00e9s pendant les jours non f\u00e9ri\u00e9s, les Dimanche et Lundi de P\u00e2ques sont r\u00e9serv\u00e9s aux familles.<\/p>\n<ul>\n<li>Les matin\u00e9es sont r\u00e9serv\u00e9es \u00e0 des \u00ab\u00a0cours\u00a0\u00bb de langue allemande.<\/li>\n<li>Des sorties culturelles ou\/et des rencontres sportives ont lieu les apr\u00e8s-midis\u00a0 .<\/li>\n<li>Les activit\u00e9s propos\u00e9es ne sont pas \u00e0 ce jour d\u00e9finitivement arr\u00eat\u00e9es mais il est pr\u00e9vu un d\u00e9placement \u00e0 Karlsruhe, une journ\u00e9e dans un site touristique et une soir\u00e9e d\u2019 adieu festive.<\/li>\n<li>Le prix du s\u00e9jour d\u00e9pendra du tarif du transport ferroviaire.<\/li>\n<\/ul>\n<p>Si vous \u00eates int\u00e9ress\u00e9, contactez la Liste Libre (<a href=\"mailto:info@listelibrebriis.org\">info@listelibrebriis.org<\/a>).<\/p>\n","protected":false},"excerpt":{"rendered":"<p>Nous avons \u00e9t\u00e9 contact\u00e9s par l&rsquo;association \u00ab\u00a0Amiti\u00e9 Minfeld Limours\u00a0\u00bb qui, dans le cadre du jumelage Limours-Minfeld, va envoyer des jeunes fran\u00e7ais en Allemagne \u00e0 P\u00e2ques : voici l&rsquo;annonce: Limours est jumel\u00e9e depuis plusieurs d\u00e9cennies avec Minfeld , une petite ville &hellip; <a href=\"https:\/\/listelibrebriis.org\/wordpress\/?p=178\">Continuer la lecture <span class=\"meta-nav\">&rarr;<\/span><\/a><\/p>\n","protected":false},"author":1,"featured_media":0,"comment_status":"open","ping_status":"open","sticky":false,"template":"","format":"standard","meta":{"footnotes":""},"categories":[1],"tags":[],"class_list":["post-178","post","type-post","status-publish","format-standard","hentry","category-non-classe"],"_links":{"self":[{"href":"https:\/\/listelibrebriis.org\/wordpress\/index.php?rest_route=\/wp\/v2\/posts\/178","targetHints":{"allow":["GET"]}}],"collection":[{"href":"https:\/\/listelibrebriis.org\/wordpress\/index.php?rest_route=\/wp\/v2\/posts"}],"about":[{"href":"https:\/\/listelibrebriis.org\/wordpress\/index.php?rest_route=\/wp\/v2\/types\/post"}],"author":[{"embeddable":true,"href":"https:\/\/listelibrebriis.org\/wordpress\/index.php?rest_route=\/wp\/v2\/users\/1"}],"replies":[{"embeddable":true,"href":"https:\/\/listelibrebriis.org\/wordpress\/index.php?rest_route=%2Fwp%2Fv2%2Fcomments&post=178"}],"version-history":[{"count":1,"href":"https:\/\/listelibrebriis.org\/wordpress\/index.php?rest_route=\/wp\/v2\/posts\/178\/revisions"}],"predecessor-version":[{"id":179,"href":"https:\/\/listelibrebriis.org\/wordpress\/index.php?rest_route=\/wp\/v2\/posts\/178\/revisions\/179"}],"wp:attachment":[{"href":"https:\/\/listelibrebriis.org\/wordpress\/index.php?rest_route=%2Fwp%2Fv2%2Fmedia&parent=178"}],"wp:term":[{"taxonomy":"category","embeddable":true,"href":"https:\/\/listelibrebriis.org\/wordpress\/index.php?rest_route=%2Fwp%2Fv2%2Fcategories&post=178"},{"taxonomy":"post_tag","embeddable":true,"href":"https:\/\/listelibrebriis.org\/wordpress\/index.php?rest_route=%2Fwp%2Fv2%2Ftags&post=178"}],"curies":[{"name":"wp","href":"https:\/\/api.w.org\/{rel}","templated":true}]}}